{"id":37922,"date":"2026-04-29T03:42:36","date_gmt":"2026-04-29T03:42:36","guid":{"rendered":"https:\/\/dhoomdetergents.com\/?p=37922"},"modified":"2026-04-29T15:56:23","modified_gmt":"2026-04-29T15:56:23","slug":"je-to-fer-diskuze-o-spravedlnosti-ve-spolenosti","status":"publish","type":"post","link":"https:\/\/dhoomdetergents.com\/index.php\/2026\/04\/29\/je-to-fer-diskuze-o-spravedlnosti-ve-spolenosti\/","title":{"rendered":"Je to f\u00e9r Diskuze o spravedlnosti ve spole\u010dnosti"},"content":{"rendered":"<div style=\"text-align:center;\"><img loading=\"lazy\" decoding=\"async\" src=\"https:\/\/dhoomdetergents.com\/wp-content\/uploads\/2026\/04\/je-to-fer-diskuze-o-spravedlnosti-ve-spolenosti_2.jpg\" width=\"318\" height=\"159\" alt=\"Je to f\u00e9r Diskuze o spravedlnosti ve spole\u010dnosti\" title=\"Je to f\u00e9r Diskuze o spravedlnosti ve spole\u010dnosti\" style=\"margin:5px;\" \/><\/div>\n<p>V dne\u0161n\u00edm sv\u011bt\u011b se st\u00e1le v\u00edce dost\u00e1v\u00e1me do situac\u00ed, kdy se pt\u00e1me, zda je n\u011bco f\u00e9r. Tento koncept spravedlnosti m\u00e1 hlubok\u00e9 ko\u0159eny v na\u0161ich hodnot\u00e1ch a v\u00edr\u00e1ch. Odpov\u011b\u010f na ot\u00e1zku, co je f\u00e9r, m\u016f\u017ee b\u00fdt subjektivn\u00ed a z\u00e1visl\u00e1 na individu\u00e1ln\u00edm pohledu. Mnoho lid\u00ed se zab\u00fdv\u00e1 ot\u00e1zkami spravedlnosti, a\u0165 u\u017e v r\u00e1mci osobn\u00edch vztah\u016f, pracovn\u00edho prost\u0159ed\u00ed \u010di ve spole\u010dnosti jako celku. V\u00edce informac\u00ed o spravedlnosti a jej\u00edm v\u00fdznamu najdete na is it fair <a href=\"https:\/\/www.isitfair.eu\/cs\/\">https:\/\/www.isitfair.eu\/cs\/<\/a>.<\/p>\n<h2>Spravedlnost v ka\u017edodenn\u00edm \u017eivot\u011b<\/h2>\n<p>Ka\u017ed\u00fd den \u010del\u00edme situac\u00edm, kter\u00e9 vy\u017eaduj\u00ed posouzen\u00ed spravedlnosti. Nap\u0159\u00edklad, kdy\u017e se dva lid\u00e9 uch\u00e1zej\u00ed o stejn\u00e9 pracovn\u00ed m\u00edsto, je f\u00e9r, aby byl vybr\u00e1n ten, kdo m\u00e1 v\u00edce zku\u0161enost\u00ed? Ale co kdy\u017e m\u00e1 druh\u00fd uchaze\u010d v\u00fdrazn\u011bj\u0161\u00ed potenci\u00e1l, i kdy\u017e je m\u00e9n\u011b zku\u0161en\u00fd? Odpov\u011b\u010f na tuto ot\u00e1zku z\u00e1vis\u00ed na hodnot\u00e1ch, kter\u00e9 dan\u00e1 organizace zast\u00e1v\u00e1. Existuj\u00ed r\u016fzn\u00e9 modely spravedlnosti, kter\u00e9 mohou poskytnout r\u00e1mec pro posuzov\u00e1n\u00ed t\u011bchto situac\u00ed.<\/p>\n<h2>Teoretick\u00e9 p\u0159\u00edstupy ke spravedlnosti<\/h2>\n<p>Existuj\u00ed r\u016fzn\u00e9 teoretick\u00e9 p\u0159\u00edstupy ke spravedlnosti, kter\u00e9 n\u00e1m mohou pomoci l\u00e9pe pochopit, co znamen\u00e1 b\u00fdt f\u00e9r. Dva z nejzn\u00e1m\u011bj\u0161\u00edch p\u0159\u00edstup\u016f jsou utilitarismus a deontologie. Utilitarismus se soust\u0159ed\u00ed na maximalizaci celkov\u00e9ho \u0161t\u011bst\u00ed nebo blaha, co\u017e m\u016f\u017ee v\u00e9st k rozhodnut\u00edm, kter\u00e9 na prvn\u00ed pohled nemus\u00ed vypadat f\u00e9r. Na druh\u00e9 stran\u011b deontologie zd\u016fraz\u0148uje mor\u00e1ln\u00ed principy a povinnosti, co\u017e m\u016f\u017ee v\u00e9st k tomu, \u017ee se rozhodneme proti z\u00e1jmu v\u011bt\u0161iny, ale podle na\u0161ich mor\u00e1ln\u00edch z\u00e1sad.<\/p>\n<p><center><iframe loading=\"lazy\" width=\"560\" height=\"315\" src=\"https:\/\/www.youtube.com\/embed\/tjyLrQgoJjU?si=4KqRFVIxKCcFLxns\" title=\"YouTube video player\" frameborder=\"0\" allow=\"accelerometer; autoplay; clipboard-write; encrypted-media; gyroscope; picture-in-picture; web-share\" referrerpolicy=\"strict-origin-when-cross-origin\" allowfullscreen><\/iframe><\/center><\/p>\n<h2>Spravedlnost ve spole\u010dnosti<\/h2>\n<p>V \u0161ir\u0161\u00edm kontextu se spravedlnost vztahuje i na spole\u010densk\u00e9 ot\u00e1zky, jako jsou pr\u00e1va men\u0161in, soci\u00e1ln\u00ed nerovnosti a z\u00e1kony. V n\u011bkter\u00fdch p\u0159\u00edpadech m\u016f\u017ee b\u00fdt spravedlnost spojena s opat\u0159en\u00edmi, kter\u00e1 maj\u00ed za c\u00edl vyrovnat rozd\u00edly v p\u0159\u00edle\u017eitostech. Nap\u0159\u00edklad afirmativn\u00ed akce mohou b\u00fdt pova\u017eov\u00e1ny za spravedliv\u00e9, proto\u017ee usiluj\u00ed o odstran\u011bn\u00ed historick\u00fdch nespravedlnost\u00ed, av\u0161ak z jin\u00e9ho \u00fahlu pohledu mohou b\u00fdt kritizov\u00e1ny jako nespravedliv\u00e9 v\u016f\u010di t\u011bm, kte\u0159\u00ed se c\u00edt\u00ed diskriminov\u00e1ni na z\u00e1klad\u011b jejich pohlav\u00ed nebo etnick\u00e9ho p\u016fvodu.<\/p>\n<div style=\"text-align:center;\"><img loading=\"lazy\" decoding=\"async\" src=\"https:\/\/dhoomdetergents.com\/wp-content\/uploads\/2026\/04\/je-to-fer-diskuze-o-spravedlnosti-ve-spolenosti_1.jpg\" width=\"300\" height=\"168\" alt=\"Je to f\u00e9r Diskuze o spravedlnosti ve spole\u010dnosti\" title=\"Je to f\u00e9r Diskuze o spravedlnosti ve spole\u010dnosti\" style=\"margin:5px;\" \/><\/div>\n<h2>Osobn\u00ed perspektivy na spravedlnost<\/h2>\n<p>Ka\u017ed\u00fd m\u00e1 svou vlastn\u00ed perspektivu na to, co je f\u00e9r. To, co se jednomu jednotlivci m\u016f\u017ee zd\u00e1t jako spravedliv\u00e9, m\u016f\u017ee jin\u00e9mu p\u0159ipadat jako nespravedlnost. Tento subjektivn\u00ed pocit spravedlnosti je siln\u011b ovlivn\u011bn osobn\u00edmi zku\u0161enostmi, kulturologick\u00fdmi faktory a hodnotov\u00fdmi syst\u00e9my. Z tohoto d\u016fvodu je d\u016fle\u017eit\u00e9 diskutovat o spravedlnosti s otev\u0159enou mysl\u00ed a naslouchat r\u016fzn\u00fdm n\u00e1zor\u016fm.<\/p>\n<h2>Mate\u0159stv\u00ed a spravedlnost<\/h2>\n<p>Jednou z oblast\u00ed, kde se \u010dasto diskutuje o spravedlnosti, je mate\u0159stv\u00ed a rodinn\u00fd \u017eivot. Mnoho matek se sna\u017e\u00ed balancovat mezi prac\u00ed a rodinn\u00fdmi povinnostmi a \u010dasto se c\u00edt\u00ed, \u017ee jim chyb\u00ed spravedliv\u00e9 p\u0159\u00edle\u017eitosti. Jak je mo\u017en\u00e9 zajistit, aby matky m\u011bly stejnou \u0161anci na profesn\u00ed r\u016fst jako jejich kolegov\u00e9? Diskuse o spravedlnosti a rovnosti m\u016f\u017ee pomoci naj\u00edt \u0159e\u0161en\u00ed pro dosa\u017een\u00ed rovnov\u00e1hy mezi pracovn\u00edmi a rodinn\u00fdmi povinnostmi.<\/p>\n<h2>Spravedlnost a technologie<\/h2>\n<p>Dal\u0161\u00edm d\u016fle\u017eit\u00fdm aspektem modern\u00ed spravedlnosti je vliv technologi\u00ed. S rozvojem um\u011bl\u00e9 inteligence a datov\u00fdch anal\u00fdz vznikaj\u00ed nov\u00e9 ot\u00e1zky ohledn\u011b spravedlnosti ve spole\u010dnosti. Jak zajistit, aby technologie byla vyu\u017e\u00edv\u00e1na spravedliv\u011b a aby jednotlivci nebyli diskriminov\u00e1ni na z\u00e1klad\u011b algoritm\u016f? Je d\u016fle\u017eit\u00e9 diskutovat o t\u011bchto ot\u00e1zk\u00e1ch a pracovat na p\u0159edch\u00e1zen\u00ed potenci\u00e1ln\u00edm nespravedlnostem.<\/p>\n<h2>Z\u00e1v\u011br<\/h2>\n<p>Diskuze o spravedlnosti je kl\u00ed\u010dov\u00e1 pro zaji\u0161t\u011bn\u00ed rovnosti a fairness ve spole\u010dnosti. A\u0165 u\u017e se jedn\u00e1 o osobn\u00ed interakce, pracovn\u00ed prost\u0159ed\u00ed nebo \u0161ir\u0161\u00ed spole\u010densk\u00e9 ot\u00e1zky, spravedlnost je jedn\u00edm z pil\u00ed\u0159\u016f na\u0161eho sou\u017eit\u00ed. Je nezbytn\u00e9, abychom o t\u011bchto ot\u00e1zk\u00e1ch diskutovali a hledali spole\u010dn\u00e1 \u0159e\u0161en\u00ed. V kone\u010dn\u00e9m d\u016fsledku je spravedlnost dynamick\u00fdm konceptem, kter\u00fd se vyv\u00edj\u00ed a m\u011bn\u00ed s na\u0161imi hodnotami a zku\u0161enostmi.<\/p>\n","protected":false},"excerpt":{"rendered":"<p>V dne\u0161n\u00edm sv\u011bt\u011b se st\u00e1le v\u00edce dost\u00e1v\u00e1me do situac\u00ed, kdy se pt\u00e1me, zda je n\u011bco f\u00e9r. Tento koncept spravedlnosti m\u00e1 hlubok\u00e9 ko\u0159eny v na\u0161ich hodnot\u00e1ch a v\u00edr\u00e1ch. Odpov\u011b\u010f na ot\u00e1zku, co je f\u00e9r, m\u016f\u017ee b\u00fdt subjektivn\u00ed a z\u00e1visl\u00e1 na individu\u00e1ln\u00edm pohledu. Mnoho lid\u00ed se zab\u00fdv\u00e1 ot\u00e1zkami spravedlnosti, a\u0165 u\u017e v r\u00e1mci osobn\u00edch vztah\u016f, pracovn\u00edho prost\u0159ed\u00ed &hellip;<\/p>\n<p class=\"read-more\"> <a class=\"\" href=\"https:\/\/dhoomdetergents.com\/index.php\/2026\/04\/29\/je-to-fer-diskuze-o-spravedlnosti-ve-spolenosti\/\"> <span class=\"screen-reader-text\">Je to f\u00e9r Diskuze o spravedlnosti ve spole\u010dnosti<\/span> Read More &raquo;<\/a><\/p>\n","protected":false},"author":1,"featured_media":0,"comment_status":"open","ping_status":"open","sticky":false,"template":"","format":"standard","meta":{"footnotes":""},"categories":[2110],"tags":[],"_links":{"self":[{"href":"https:\/\/dhoomdetergents.com\/index.php\/wp-json\/wp\/v2\/posts\/37922"}],"collection":[{"href":"https:\/\/dhoomdetergents.com\/index.php\/wp-json\/wp\/v2\/posts"}],"about":[{"href":"https:\/\/dhoomdetergents.com\/index.php\/wp-json\/wp\/v2\/types\/post"}],"author":[{"embeddable":true,"href":"https:\/\/dhoomdetergents.com\/index.php\/wp-json\/wp\/v2\/users\/1"}],"replies":[{"embeddable":true,"href":"https:\/\/dhoomdetergents.com\/index.php\/wp-json\/wp\/v2\/comments?post=37922"}],"version-history":[{"count":1,"href":"https:\/\/dhoomdetergents.com\/index.php\/wp-json\/wp\/v2\/posts\/37922\/revisions"}],"predecessor-version":[{"id":37923,"href":"https:\/\/dhoomdetergents.com\/index.php\/wp-json\/wp\/v2\/posts\/37922\/revisions\/37923"}],"wp:attachment":[{"href":"https:\/\/dhoomdetergents.com\/index.php\/wp-json\/wp\/v2\/media?parent=37922"}],"wp:term":[{"taxonomy":"category","embeddable":true,"href":"https:\/\/dhoomdetergents.com\/index.php\/wp-json\/wp\/v2\/categories?post=37922"},{"taxonomy":"post_tag","embeddable":true,"href":"https:\/\/dhoomdetergents.com\/index.php\/wp-json\/wp\/v2\/tags?post=37922"}],"curies":[{"name":"wp","href":"https:\/\/api.w.org\/{rel}","templated":true}]}}